{"id":1988,"date":"2025-11-11T11:32:36","date_gmt":"2025-11-11T10:32:36","guid":{"rendered":"https:\/\/meetyourcolleague.eu\/?p=1988"},"modified":"2025-11-14T09:53:36","modified_gmt":"2025-11-14T08:53:36","slug":"diferencas-entre-geracoes-no-trabalho-perspectivas-da-investigacao-myco-na-polonia","status":"publish","type":"post","link":"https:\/\/meetyourcolleague.eu\/pt-pt\/2025\/11\/11\/diferencas-entre-geracoes-no-trabalho-perspectivas-da-investigacao-myco-na-polonia\/","title":{"rendered":"Diferen\u00e7as entre Gera\u00e7\u00f5es no Trabalho: Perspectivas da Investiga\u00e7\u00e3o MYCo na Pol\u00f3nia"},"content":{"rendered":"<p>A investiga\u00e7\u00e3o MYCo conduzida pela CWEP na Pol\u00f3nia explora as complexidades da din\u00e2mica intergeracional no local de trabalho, lan\u00e7ando luz sobre as diferen\u00e7as culturais, de comunica\u00e7\u00e3o e de valores num ambiente de trabalho cada vez mais diversificado e em evolu\u00e7\u00e3o.<\/p>\n<p>O estudo envolveu 32 participantes de v\u00e1rias gera\u00e7\u00f5es &#8211; Millennials e Gera\u00e7\u00e3o Z, Gera\u00e7\u00e3o X e Baby Boomers &#8211; com uma ligeira maioria de mulheres. Estes indiv\u00edduos trabalham principalmente em micro, pequenas e m\u00e9dias empresas, maioritariamente em ambientes urbanos, muitas delas com opera\u00e7\u00f5es internacionais. <\/p>\n<p>Uma das principais conclus\u00f5es est\u00e1 relacionada com as diferentes orienta\u00e7\u00f5es de valores entre gera\u00e7\u00f5es. Os grupos mais jovens d\u00e3o \u00eanfase \u00e0 inova\u00e7\u00e3o, \u00e0 inclus\u00e3o, ao equil\u00edbrio entre a vida profissional e pessoal e \u00e0 sustentabilidade ambiental, enquanto as gera\u00e7\u00f5es mais velhas tendem a dar prioridade \u00e0 estabilidade, \u00e0 experi\u00eancia e \u00e0s estruturas organizacionais hier\u00e1rquicas. Estas perspectivas diferentes influenciam a forma como as gera\u00e7\u00f5es encaram a autoridade, o crescimento profissional e a mudan\u00e7a no local de trabalho.  <\/p>\n<p>Os estilos de comunica\u00e7\u00e3o entre gera\u00e7\u00f5es tamb\u00e9m revelam diverg\u00eancias. Os trabalhadores mais jovens preferem canais de comunica\u00e7\u00e3o informais e digitais, o que contrasta com a prefer\u00eancia das gera\u00e7\u00f5es mais velhas por intera\u00e7\u00f5es diretas e formais. Estas diferen\u00e7as podem provocar tens\u00f5es e mal-entendidos, mas a investiga\u00e7\u00e3o salienta que a promo\u00e7\u00e3o de um di\u00e1logo aberto, a oferta de feedback personalizado e a ado\u00e7\u00e3o de abordagens de gest\u00e3o flex\u00edveis podem melhorar significativamente a colabora\u00e7\u00e3o entre gera\u00e7\u00f5es.  <\/p>\n<p>A clivagem digital continua a ser um desafio significativo, com os participantes Baby Boomers a manifestarem frequentemente dificuldades em interagir com as novas tecnologias, em compara\u00e7\u00e3o com os seus hom\u00f3logos mais jovens. A forma\u00e7\u00e3o digital cont\u00ednua, a tutoria e o cultivo de uma cultura digital inclusiva no local de trabalho surgem como estrat\u00e9gias eficazes para atenuar este fosso. <\/p>\n<p>De uma perspetiva interseccional, a investiga\u00e7\u00e3o reconhece o papel crucial de factores como o g\u00e9nero, a orienta\u00e7\u00e3o sexual, a etnia, a defici\u00eancia e o contexto socioecon\u00f3mico na configura\u00e7\u00e3o das rela\u00e7\u00f5es intergeracionais no local de trabalho. As gera\u00e7\u00f5es mais jovens tendem a estar mais conscientes e a falar mais alto sobre a discrimina\u00e7\u00e3o e a exclus\u00e3o relacionadas com estas quest\u00f5es, apelando \u00e0s organiza\u00e7\u00f5es para que implementem pol\u00edticas inclusivas que promovam a equidade e o respeito. <\/p>\n<p>Em \u00faltima an\u00e1lise, a investiga\u00e7\u00e3o da MYCo na Pol\u00f3nia sublinha que a coexist\u00eancia de gera\u00e7\u00f5es no trabalho \u00e9 complexa e multifacetada. Reconhecer e valorizar estas diferen\u00e7as, promover uma comunica\u00e7\u00e3o clara e aberta e garantir uma educa\u00e7\u00e3o cont\u00ednua e uma governa\u00e7\u00e3o inclusiva s\u00e3o fundamentais para construir locais de trabalho resilientes e inovadores, capazes de enfrentar os desafios futuros. <\/p>\n","protected":false},"excerpt":{"rendered":"<p>A investiga\u00e7\u00e3o MYCo conduzida pela CWEP na Pol\u00f3nia explora as complexidades da din\u00e2mica intergeracional no local de trabalho, lan\u00e7ando luz sobre as diferen\u00e7as culturais, de comunica\u00e7\u00e3o e de valores num ambiente de trabalho cada vez mais diversificado e em evolu\u00e7\u00e3o. O estudo envolveu 32 participantes de v\u00e1rias gera\u00e7\u00f5es &#8211; Millennials e Gera\u00e7\u00e3o Z, Gera\u00e7\u00e3o X [&hellip;]<\/p>\n","protected":false},"author":3,"featured_media":1971,"comment_status":"closed","ping_status":"closed","sticky":false,"template":"","format":"standard","meta":{"footnotes":""},"categories":[34],"tags":[],"class_list":["post-1988","post","type-post","status-publish","format-standard","has-post-thumbnail","hentry","category-news-pt-pt"],"_links":{"self":[{"href":"https:\/\/meetyourcolleague.eu\/pt-pt\/wp-json\/wp\/v2\/posts\/1988","targetHints":{"allow":["GET"]}}],"collection":[{"href":"https:\/\/meetyourcolleague.eu\/pt-pt\/wp-json\/wp\/v2\/posts"}],"about":[{"href":"https:\/\/meetyourcolleague.eu\/pt-pt\/wp-json\/wp\/v2\/types\/post"}],"author":[{"embeddable":true,"href":"https:\/\/meetyourcolleague.eu\/pt-pt\/wp-json\/wp\/v2\/users\/3"}],"replies":[{"embeddable":true,"href":"https:\/\/meetyourcolleague.eu\/pt-pt\/wp-json\/wp\/v2\/comments?post=1988"}],"version-history":[{"count":1,"href":"https:\/\/meetyourcolleague.eu\/pt-pt\/wp-json\/wp\/v2\/posts\/1988\/revisions"}],"predecessor-version":[{"id":1993,"href":"https:\/\/meetyourcolleague.eu\/pt-pt\/wp-json\/wp\/v2\/posts\/1988\/revisions\/1993"}],"wp:featuredmedia":[{"embeddable":true,"href":"https:\/\/meetyourcolleague.eu\/pt-pt\/wp-json\/wp\/v2\/media\/1971"}],"wp:attachment":[{"href":"https:\/\/meetyourcolleague.eu\/pt-pt\/wp-json\/wp\/v2\/media?parent=1988"}],"wp:term":[{"taxonomy":"category","embeddable":true,"href":"https:\/\/meetyourcolleague.eu\/pt-pt\/wp-json\/wp\/v2\/categories?post=1988"},{"taxonomy":"post_tag","embeddable":true,"href":"https:\/\/meetyourcolleague.eu\/pt-pt\/wp-json\/wp\/v2\/tags?post=1988"}],"curies":[{"name":"wp","href":"https:\/\/api.w.org\/{rel}","templated":true}]}}